{"id":925,"date":"2019-10-14T08:45:57","date_gmt":"2019-10-14T11:45:57","guid":{"rendered":"https:\/\/isdanza-cha.infd.edu.ar\/sitio\/?p=925"},"modified":"2019-10-14T08:45:57","modified_gmt":"2019-10-14T11:45:57","slug":"jornada-para-democratizar-la-palabra-eleccion-consejo-directivo-ispea-danzas-y-teatro","status":"publish","type":"post","link":"https:\/\/isdanza-cha.infd.edu.ar\/sitio\/jornada-para-democratizar-la-palabra-eleccion-consejo-directivo-ispea-danzas-y-teatro\/","title":{"rendered":"JORNADA PARA DEMOCRATIZAR LA PALABRA: Elecci\u00f3n Consejo Directivo ISPEA DANZAS y TEATRO"},"content":{"rendered":"<p><img decoding=\"async\" loading=\"lazy\" class=\"alignnone  wp-image-922 alignleft\" src=\"https:\/\/isdanza-cha.infd.edu.ar\/sitio\/wp-content\/uploads\/2019\/10\/cd4-1-750x1000.jpg\" alt=\"\" width=\"88\" height=\"118\" srcset=\"https:\/\/isdanza-cha.infd.edu.ar\/sitio\/wp-content\/uploads\/2019\/10\/cd4-1-750x1000.jpg 750w, https:\/\/isdanza-cha.infd.edu.ar\/sitio\/wp-content\/uploads\/2019\/10\/cd4-1-768x1024.jpg 768w, https:\/\/isdanza-cha.infd.edu.ar\/sitio\/wp-content\/uploads\/2019\/10\/cd4-1.jpg 960w\" sizes=\"(max-width: 88px) 100vw, 88px\" \/><img decoding=\"async\" loading=\"lazy\" class=\"alignnone  wp-image-920 alignleft\" src=\"https:\/\/isdanza-cha.infd.edu.ar\/sitio\/wp-content\/uploads\/2019\/10\/cd-2-1-750x1000.jpg\" alt=\"\" width=\"88\" height=\"118\" srcset=\"https:\/\/isdanza-cha.infd.edu.ar\/sitio\/wp-content\/uploads\/2019\/10\/cd-2-1-750x1000.jpg 750w, https:\/\/isdanza-cha.infd.edu.ar\/sitio\/wp-content\/uploads\/2019\/10\/cd-2-1-768x1024.jpg 768w, https:\/\/isdanza-cha.infd.edu.ar\/sitio\/wp-content\/uploads\/2019\/10\/cd-2-1.jpg 960w\" sizes=\"(max-width: 88px) 100vw, 88px\" \/>\u00a0<img decoding=\"async\" loading=\"lazy\" class=\"alignnone  wp-image-916 alignleft\" src=\"https:\/\/isdanza-cha.infd.edu.ar\/sitio\/wp-content\/uploads\/2019\/10\/cd3-1000x750.jpg\" alt=\"\" width=\"157\" height=\"118\" srcset=\"https:\/\/isdanza-cha.infd.edu.ar\/sitio\/wp-content\/uploads\/2019\/10\/cd3-1000x750.jpg 1000w, https:\/\/isdanza-cha.infd.edu.ar\/sitio\/wp-content\/uploads\/2019\/10\/cd3-768x576.jpg 768w, https:\/\/isdanza-cha.infd.edu.ar\/sitio\/wp-content\/uploads\/2019\/10\/cd3.jpg 1280w\" sizes=\"(max-width: 157px) 100vw, 157px\" \/>En la ciudad de Resistencia, capital de la provincia del Chaco, siendo las 20:07 del d\u00eda mi\u00e9rcoles 09 de octubre del a\u00f1o 2019, se da inicio al escrutinio de los votos emitidos por docentes y alumnos para la conformaci\u00f3n\u00a0 del Consejo Directivo del ISPEA DANZA y \u00a0TEATRO 2020-2022. Se encuentran presentes en el acto, el Director de Estudios de la Carrera de Teatro Profesor Jos\u00e9 Luis RAMIREZ, Vicedirectora Profesora Roxana Galoppo, Rectora Lic. Cecilia Silgueiro, en representaci\u00f3n del cuerpo docente la profesora Diana Sena y el Profesor Diego Sandoval; en representaci\u00f3n de los alumnos Lorena Mottet. Se procede a la apertura de la<strong> urna de alumnos<\/strong>: Fueron elegidos por la<\/p>\n<p><strong>\u00a0Carrera de Danzas Cl\u00e1sicas<\/strong>:<\/p>\n<ol>\n<li>TITULAR: GERRA, Anah\u00ed<\/li>\n<li>SUPLENTE: MAGLIONE, Agostina<\/li>\n<\/ol>\n<p><strong>Carrera de Expresi\u00f3n Corporal<\/strong><\/p>\n<ol>\n<li>TITULAR: MEANA, Mar\u00eda Martha<\/li>\n<li>SUPLENTE: ALFONZO, Hugo<\/li>\n<\/ol>\n<p><strong>Carrera de Folklore<\/strong><\/p>\n<ol>\n<li>TITULAR: LEZCANO, Tom\u00e1s<\/li>\n<li>SUPLENTE: No hubo otro alumno representante<\/li>\n<\/ol>\n<p><strong>Carrera de Teatro<\/strong><\/p>\n<ol>\n<li>TITULAR: MAIDANA, Francisca<\/li>\n<li>SUPLENTE: No hubo otro alumno representante<\/li>\n<\/ol>\n<p>Siendo las\u00a0 20:35, se da inicio al escrutinio de votos para definir <strong>representantes docentes<\/strong>, fueron elegidos por:<\/p>\n<p><strong>Carrera Danzas Cl\u00e1sicas<\/strong><\/p>\n<ol>\n<li>TITULAR: GARCIA LOZA, Graciela<\/li>\n<li>SUPLENTE: FRABO, Noelia<\/li>\n<\/ol>\n<p><strong>Carrera de Expresi\u00f3n Corporal<\/strong><\/p>\n<ol>\n<li>TITULAR: MEDINA, Laura<\/li>\n<li>SUPLENTE: MARTINEZ, Daniela<\/li>\n<\/ol>\n<p><strong>Carrera de Folklore<\/strong><\/p>\n<ol>\n<li>TITULAR: PEREZ, Marisel<\/li>\n<li>SUPLENTE: NERIZ, An\u00edbal<\/li>\n<\/ol>\n<p><strong>Carrera de Teatro<\/strong><\/p>\n<ol>\n<li>TITULAR: COCERES , Roc\u00edo<\/li>\n<li>SUPLENTE:CARDOZO, V\u00edctor<\/li>\n<\/ol>\n<p>Siendo las 20:50, se da por finalizado el escrutinio<\/p>\n","protected":false},"excerpt":{"rendered":"<p>\u00a0En la ciudad de Resistencia, capital de la provincia del Chaco, siendo las 20:07 del d\u00eda mi\u00e9rcoles 09 de octubre del a\u00f1o 2019, se da inicio al escrutinio de los votos emitidos por docentes y alumnos para la conformaci\u00f3n\u00a0 del Consejo Directivo del ISPEA DANZA y \u00a0TEATRO 2020-2022. Se encuentran presentes en el acto, el &#8230; <a title=\"JORNADA PARA DEMOCRATIZAR LA PALABRA: Elecci\u00f3n Consejo Directivo ISPEA DANZAS y TEATRO\" class=\"read-more\" href=\"https:\/\/isdanza-cha.infd.edu.ar\/sitio\/jornada-para-democratizar-la-palabra-eleccion-consejo-directivo-ispea-danzas-y-teatro\/\" aria-label=\"More on JORNADA PARA DEMOCRATIZAR LA PALABRA: Elecci\u00f3n Consejo Directivo ISPEA DANZAS y TEATRO\">[+]<\/a><\/p>\n","protected":false},"author":133,"featured_media":0,"comment_status":"open","ping_status":"open","sticky":false,"template":"","format":"standard","meta":[],"categories":[1],"tags":[],"acf":[],"_links":{"self":[{"href":"https:\/\/isdanza-cha.infd.edu.ar\/sitio\/wp-json\/wp\/v2\/posts\/925"}],"collection":[{"href":"https:\/\/isdanza-cha.infd.edu.ar\/sitio\/wp-json\/wp\/v2\/posts"}],"about":[{"href":"https:\/\/isdanza-cha.infd.edu.ar\/sitio\/wp-json\/wp\/v2\/types\/post"}],"author":[{"embeddable":true,"href":"https:\/\/isdanza-cha.infd.edu.ar\/sitio\/wp-json\/wp\/v2\/users\/133"}],"replies":[{"embeddable":true,"href":"https:\/\/isdanza-cha.infd.edu.ar\/sitio\/wp-json\/wp\/v2\/comments?post=925"}],"version-history":[{"count":1,"href":"https:\/\/isdanza-cha.infd.edu.ar\/sitio\/wp-json\/wp\/v2\/posts\/925\/revisions"}],"predecessor-version":[{"id":926,"href":"https:\/\/isdanza-cha.infd.edu.ar\/sitio\/wp-json\/wp\/v2\/posts\/925\/revisions\/926"}],"wp:attachment":[{"href":"https:\/\/isdanza-cha.infd.edu.ar\/sitio\/wp-json\/wp\/v2\/media?parent=925"}],"wp:term":[{"taxonomy":"category","embeddable":true,"href":"https:\/\/isdanza-cha.infd.edu.ar\/sitio\/wp-json\/wp\/v2\/categories?post=925"},{"taxonomy":"post_tag","embeddable":true,"href":"https:\/\/isdanza-cha.infd.edu.ar\/sitio\/wp-json\/wp\/v2\/tags?post=925"}],"curies":[{"name":"wp","href":"https:\/\/api.w.org\/{rel}","templated":true}]}}