{"id":1641,"date":"2023-11-07T10:51:56","date_gmt":"2023-11-07T13:51:56","guid":{"rendered":"https:\/\/isdanza-cha.infd.edu.ar\/sitio\/?p=1641"},"modified":"2023-11-07T10:51:57","modified_gmt":"2023-11-07T13:51:57","slug":"entrevistas","status":"publish","type":"post","link":"https:\/\/isdanza-cha.infd.edu.ar\/sitio\/entrevistas\/","title":{"rendered":"ENTREVISTAS"},"content":{"rendered":"\n<div class=\"wp-block-buttons is-layout-flex\">\n<div class=\"wp-block-button is-style-fill\"><a class=\"wp-block-button__link has-luminous-dusk-gradient-background has-background wp-element-button\" href=\"https:\/\/isdanza-cha.infd.edu.ar\/aula\/archivos\/repositorio\/\/6500\/6604\/Entrevistas_ISPEADyT.pdf\" target=\"_blank\" rel=\"noreferrer noopener\">Descargar p\u00e1ginas 55 a 59<\/a><\/div>\n<\/div>\n\n\n\n<p>La historia de la educaci\u00f3n intercultural biling\u00fce en Argentina<\/p>\n\n\n\n<figure class=\"wp-block-embed is-type-video is-provider-youtube wp-block-embed-youtube wp-embed-aspect-16-9 wp-has-aspect-ratio\"><div class=\"wp-block-embed__wrapper\">\n<iframe loading=\"lazy\" title=\"Educaci\u00f3n Intercultural Biling\u00fce en Argentina. Entrevista al Profesor David Garc\u00eda\" width=\"1200\" height=\"675\" src=\"https:\/\/www.youtube.com\/embed\/LI208PQTB9I?feature=oembed\" frameborder=\"0\" allow=\"accelerometer; autoplay; clipboard-write; encrypted-media; gyroscope; picture-in-picture; web-share\" allowfullscreen><\/iframe>\n<\/div><\/figure>\n\n\n\n<figure class=\"wp-block-image size-full is-resized\"><a href=\"https:\/\/isdanza-cha.infd.edu.ar\/sitio\/revista-la-brujula-del-teatro-y-la-danza\/\"><img decoding=\"async\" loading=\"lazy\" src=\"https:\/\/isdanza-cha.infd.edu.ar\/sitio\/wp-content\/uploads\/2023\/10\/Videos-de-la-revista-1.png\" alt=\"\" class=\"wp-image-1546\" width=\"375\" height=\"68\" srcset=\"https:\/\/isdanza-cha.infd.edu.ar\/sitio\/wp-content\/uploads\/2023\/10\/Videos-de-la-revista-1.png 1010w, https:\/\/isdanza-cha.infd.edu.ar\/sitio\/wp-content\/uploads\/2023\/10\/Videos-de-la-revista-1-1000x185.png 1000w, https:\/\/isdanza-cha.infd.edu.ar\/sitio\/wp-content\/uploads\/2023\/10\/Videos-de-la-revista-1-768x142.png 768w\" sizes=\"(max-width: 375px) 100vw, 375px\" \/><\/a><\/figure>\n","protected":false},"excerpt":{"rendered":"<p>La historia de la educaci\u00f3n intercultural biling\u00fce en Argentina<\/p>\n","protected":false},"author":136,"featured_media":0,"comment_status":"open","ping_status":"open","sticky":false,"template":"","format":"standard","meta":[],"categories":[1],"tags":[],"acf":[],"_links":{"self":[{"href":"https:\/\/isdanza-cha.infd.edu.ar\/sitio\/wp-json\/wp\/v2\/posts\/1641"}],"collection":[{"href":"https:\/\/isdanza-cha.infd.edu.ar\/sitio\/wp-json\/wp\/v2\/posts"}],"about":[{"href":"https:\/\/isdanza-cha.infd.edu.ar\/sitio\/wp-json\/wp\/v2\/types\/post"}],"author":[{"embeddable":true,"href":"https:\/\/isdanza-cha.infd.edu.ar\/sitio\/wp-json\/wp\/v2\/users\/136"}],"replies":[{"embeddable":true,"href":"https:\/\/isdanza-cha.infd.edu.ar\/sitio\/wp-json\/wp\/v2\/comments?post=1641"}],"version-history":[{"count":1,"href":"https:\/\/isdanza-cha.infd.edu.ar\/sitio\/wp-json\/wp\/v2\/posts\/1641\/revisions"}],"predecessor-version":[{"id":1642,"href":"https:\/\/isdanza-cha.infd.edu.ar\/sitio\/wp-json\/wp\/v2\/posts\/1641\/revisions\/1642"}],"wp:attachment":[{"href":"https:\/\/isdanza-cha.infd.edu.ar\/sitio\/wp-json\/wp\/v2\/media?parent=1641"}],"wp:term":[{"taxonomy":"category","embeddable":true,"href":"https:\/\/isdanza-cha.infd.edu.ar\/sitio\/wp-json\/wp\/v2\/categories?post=1641"},{"taxonomy":"post_tag","embeddable":true,"href":"https:\/\/isdanza-cha.infd.edu.ar\/sitio\/wp-json\/wp\/v2\/tags?post=1641"}],"curies":[{"name":"wp","href":"https:\/\/api.w.org\/{rel}","templated":true}]}}